{"id":344,"date":"2015-07-22T21:35:48","date_gmt":"2015-07-23T01:35:48","guid":{"rendered":"https:\/\/espacioconvalor.com\/site\/?p=344"},"modified":"2021-11-28T21:37:30","modified_gmt":"2021-11-29T01:37:30","slug":"visualiza-tu-jubilacion","status":"publish","type":"post","link":"https:\/\/espacioconvalor.com\/site\/2015\/07\/22\/visualiza-tu-jubilacion\/","title":{"rendered":"Visualiza tu Jubilaci\u00f3n"},"content":{"rendered":"\n<blockquote class=\"wp-block-quote is-layout-flow wp-block-quote-is-layout-flow\"><p>Art\u00edculo escrito por Olga Bravo Luna<\/p><cite><a href=\"http:\/\/www.twitter.com\/bravoluna\" target=\"_blank\" rel=\"noreferrer noopener\">@bravoluna<\/a><\/cite><\/blockquote>\n\n\n\n<p>Nuestra capacidad para generar ingresos comienza a mermar entre los&nbsp;60 y 65 a\u00f1os de edad, hasta que,&nbsp;finalmente, llega el retiro. De acuerdo a las estad\u00edsticas de la Organizaci\u00f3n Mundial de la Salud, el promedio de sobrevida del retiro es de \u00a120 a\u00f1os!, &nbsp;y va en aumento. Eso quiere decir que viviremos veinte a\u00f1os luego de dejar de trabajar; te has preguntado, \u00bfde qu\u00e9 vivir\u00e1s cuando llegue el momento de la jubilaci\u00f3n? Si no lo has hecho todav\u00eda, \u00a1no esperes m\u00e1s!<\/p>\n\n\n\n<p>En esta y las sucesivas entregas brindaremos informaci\u00f3n sobre los pasos que te conducir\u00e1n a un retiro libre de sobresaltos econ\u00f3micos.<\/p>\n\n\n\n<h2 class=\"wp-block-heading\">Comencemos por el principio. Visualiza tu Jubilaci\u00f3n.<\/h2>\n\n\n\n<p>Al igual que cualquier otra planificaci\u00f3n, prepararse para el retiro comienza por visualizar la meta, en ese caso, nuestro retiro.&nbsp;\u00bfQu\u00e9 quieres hacer durante los a\u00f1os de tu jubilaci\u00f3n?, \u00bfd\u00f3nde y c\u00f3mo quieres vivir?&nbsp;Describe en detalle tu vida durante el retiro, s\u00e9 concreto. Si incluyes viajes, por ejemplo, menciona la frecuencia y la distancia al destino de esos viajes, si necesitar\u00e1s pagar el alojamiento y qu\u00e9 tipo de alojamiento desear\u00edas tener. Cu\u00e1les ser\u00edan tus actividades diarias, qu\u00e9 tipo de apoyo requerir\u00edas \u2013 por ejemplo, a partir de cierta edad no ser\u00e1 prudente conducir tu autom\u00f3vil \u2013, y a qu\u00e9 dedicar\u00edas tu tiempo \u2013 por ejemplo si piensas realizar trabajo voluntario o vincularte con alg\u00fan hobby de forma seria.<\/p>\n\n\n\n<p>Contar con una imagen de nuestro retiro nos permitir\u00e1 identificar cu\u00e1les ser\u00e1n las acciones necesarias para llegar all\u00e1. S\u00e9 prudente con tu lista, es decir, incluye aquellas metas que puedas lograr, y, de preferencia, que no sean m\u00e1s de cuatro o cinco. Revisa tu lista varias veces. Cuando te sientas satisfecho con ella, calcula cu\u00e1nto dinero necesitar\u00e1s para alcanzar esos objetivos y ajusta la lista en relaci\u00f3n con tu capacidad de pago.<\/p>\n\n\n\n<p>Toma notas, haz dibujos o utiliza cualquier otra herramienta que te ayude. Visualiza y construye esa imagen que te permita realizar una estimaci\u00f3n de tus necesidades de dinero.<\/p>\n\n\n\n<p>Una vez construida la imagen de nuestro retiro estaremos listos para dar el siguiente paso:\u00a0<a href=\"http:\/\/site\/2012\/03\/25\/es-muy-pronto-para-pensar-en-mi-retiro\/\">la evaluaci\u00f3n del punto de partida<\/a>.<\/p>\n\n\n\n<p><\/p>\n","protected":false},"excerpt":{"rendered":"<p>Art\u00edculo escrito por Olga Bravo Luna @bravoluna Nuestra capacidad para generar ingresos comienza a mermar entre los&nbsp;60 y 65 a\u00f1os [&hellip;]<\/p>\n","protected":false},"author":2,"featured_media":433,"comment_status":"open","ping_status":"closed","sticky":false,"template":"","format":"standard","meta":{"footnotes":""},"categories":[20],"tags":[95,93,45,94,57],"class_list":["post-344","post","type-post","status-publish","format-standard","has-post-thumbnail","hentry","category-jubilacion_retiro","tag-herramientas","tag-jubilacion","tag-planificacion","tag-retiro","tag-vida"],"yoast_head":"<!-- This site is optimized with the Yoast SEO plugin v26.9 - https:\/\/yoast.com\/product\/yoast-seo-wordpress\/ -->\n<title>Visualiza tu Jubilaci\u00f3n - Espacio Con Valor<\/title>\n<meta name=\"description\" content=\"Prepararse para el retiro comienza por visualizar la meta. Describe en detalle tu vida durante el retiro, s\u00e9 concreto.\" \/>\n<meta name=\"robots\" content=\"index, follow, max-snippet:-1, max-image-preview:large, max-video-preview:-1\" \/>\n<link rel=\"canonical\" href=\"https:\/\/espacioconvalor.com\/site\/2015\/07\/22\/visualiza-tu-jubilacion\/\" \/>\n<meta property=\"og:locale\" content=\"es_ES\" \/>\n<meta property=\"og:type\" content=\"article\" \/>\n<meta property=\"og:title\" content=\"Visualiza tu Jubilaci\u00f3n - Espacio Con Valor\" \/>\n<meta property=\"og:description\" content=\"Prepararse para el retiro comienza por visualizar la meta. Describe en detalle tu vida durante el retiro, s\u00e9 concreto.\" \/>\n<meta property=\"og:url\" content=\"https:\/\/espacioconvalor.com\/site\/2015\/07\/22\/visualiza-tu-jubilacion\/\" \/>\n<meta property=\"og:site_name\" content=\"Espacio Con Valor\" \/>\n<meta property=\"article:published_time\" content=\"2015-07-23T01:35:48+00:00\" \/>\n<meta property=\"article:modified_time\" content=\"2021-11-29T01:37:30+00:00\" \/>\n<meta property=\"og:image\" content=\"https:\/\/espacioconvalor.com\/site\/wp-content\/uploads\/2021\/11\/visualiza.jpg\" \/>\n\t<meta property=\"og:image:width\" content=\"1242\" \/>\n\t<meta property=\"og:image:height\" content=\"669\" \/>\n\t<meta property=\"og:image:type\" content=\"image\/jpeg\" \/>\n<meta name=\"author\" content=\"Paula Vargas\" \/>\n<meta name=\"twitter:card\" content=\"summary_large_image\" \/>\n<meta name=\"twitter:label1\" content=\"Escrito por\" \/>\n\t<meta name=\"twitter:data1\" content=\"Paula Vargas\" \/>\n\t<meta name=\"twitter:label2\" content=\"Tiempo de lectura\" \/>\n\t<meta name=\"twitter:data2\" content=\"2 minutos\" \/>\n<script type=\"application\/ld+json\" class=\"yoast-schema-graph\">{\"@context\":\"https:\/\/schema.org\",\"@graph\":[{\"@type\":\"Article\",\"@id\":\"https:\/\/espacioconvalor.com\/site\/2015\/07\/22\/visualiza-tu-jubilacion\/#article\",\"isPartOf\":{\"@id\":\"https:\/\/espacioconvalor.com\/site\/2015\/07\/22\/visualiza-tu-jubilacion\/\"},\"author\":{\"name\":\"Paula Vargas\",\"@id\":\"https:\/\/espacioconvalor.com\/site\/#\/schema\/person\/357b74e43ef38cea945c4d40135adb7d\"},\"headline\":\"Visualiza tu Jubilaci\u00f3n\",\"datePublished\":\"2015-07-23T01:35:48+00:00\",\"dateModified\":\"2021-11-29T01:37:30+00:00\",\"mainEntityOfPage\":{\"@id\":\"https:\/\/espacioconvalor.com\/site\/2015\/07\/22\/visualiza-tu-jubilacion\/\"},\"wordCount\":395,\"commentCount\":0,\"image\":{\"@id\":\"https:\/\/espacioconvalor.com\/site\/2015\/07\/22\/visualiza-tu-jubilacion\/#primaryimage\"},\"thumbnailUrl\":\"https:\/\/espacioconvalor.com\/site\/wp-content\/uploads\/2021\/11\/visualiza.jpg\",\"keywords\":[\"herramientas\",\"jubilaci\u00f3n\",\"planificaci\u00f3n\",\"retiro\",\"vida\"],\"articleSection\":[\"Jubilaci\u00f3n \/ Retiro\"],\"inLanguage\":\"es\",\"potentialAction\":[{\"@type\":\"CommentAction\",\"name\":\"Comment\",\"target\":[\"https:\/\/espacioconvalor.com\/site\/2015\/07\/22\/visualiza-tu-jubilacion\/#respond\"]}]},{\"@type\":\"WebPage\",\"@id\":\"https:\/\/espacioconvalor.com\/site\/2015\/07\/22\/visualiza-tu-jubilacion\/\",\"url\":\"https:\/\/espacioconvalor.com\/site\/2015\/07\/22\/visualiza-tu-jubilacion\/\",\"name\":\"Visualiza tu Jubilaci\u00f3n - Espacio Con Valor\",\"isPartOf\":{\"@id\":\"https:\/\/espacioconvalor.com\/site\/#website\"},\"primaryImageOfPage\":{\"@id\":\"https:\/\/espacioconvalor.com\/site\/2015\/07\/22\/visualiza-tu-jubilacion\/#primaryimage\"},\"image\":{\"@id\":\"https:\/\/espacioconvalor.com\/site\/2015\/07\/22\/visualiza-tu-jubilacion\/#primaryimage\"},\"thumbnailUrl\":\"https:\/\/espacioconvalor.com\/site\/wp-content\/uploads\/2021\/11\/visualiza.jpg\",\"datePublished\":\"2015-07-23T01:35:48+00:00\",\"dateModified\":\"2021-11-29T01:37:30+00:00\",\"author\":{\"@id\":\"https:\/\/espacioconvalor.com\/site\/#\/schema\/person\/357b74e43ef38cea945c4d40135adb7d\"},\"description\":\"Prepararse para el retiro comienza por visualizar la meta. Describe en detalle tu vida durante el retiro, s\u00e9 concreto.\",\"inLanguage\":\"es\",\"potentialAction\":[{\"@type\":\"ReadAction\",\"target\":[\"https:\/\/espacioconvalor.com\/site\/2015\/07\/22\/visualiza-tu-jubilacion\/\"]}]},{\"@type\":\"ImageObject\",\"inLanguage\":\"es\",\"@id\":\"https:\/\/espacioconvalor.com\/site\/2015\/07\/22\/visualiza-tu-jubilacion\/#primaryimage\",\"url\":\"https:\/\/espacioconvalor.com\/site\/wp-content\/uploads\/2021\/11\/visualiza.jpg\",\"contentUrl\":\"https:\/\/espacioconvalor.com\/site\/wp-content\/uploads\/2021\/11\/visualiza.jpg\",\"width\":1242,\"height\":669,\"caption\":\"visualiza\"},{\"@type\":\"WebSite\",\"@id\":\"https:\/\/espacioconvalor.com\/site\/#website\",\"url\":\"https:\/\/espacioconvalor.com\/site\/\",\"name\":\"Espacio Con Valor\",\"description\":\"Finanzas f\u00e1ciles para tu bienestar\",\"potentialAction\":[{\"@type\":\"SearchAction\",\"target\":{\"@type\":\"EntryPoint\",\"urlTemplate\":\"https:\/\/espacioconvalor.com\/site\/?s={search_term_string}\"},\"query-input\":{\"@type\":\"PropertyValueSpecification\",\"valueRequired\":true,\"valueName\":\"search_term_string\"}}],\"inLanguage\":\"es\"},{\"@type\":\"Person\",\"@id\":\"https:\/\/espacioconvalor.com\/site\/#\/schema\/person\/357b74e43ef38cea945c4d40135adb7d\",\"name\":\"Paula Vargas\",\"image\":{\"@type\":\"ImageObject\",\"inLanguage\":\"es\",\"@id\":\"https:\/\/espacioconvalor.com\/site\/#\/schema\/person\/image\/\",\"url\":\"https:\/\/secure.gravatar.com\/avatar\/7ff513bc5b6f9ed720bf076705090859e810f6061f87c6702f156543ffedef29?s=96&d=mm&r=g\",\"contentUrl\":\"https:\/\/secure.gravatar.com\/avatar\/7ff513bc5b6f9ed720bf076705090859e810f6061f87c6702f156543ffedef29?s=96&d=mm&r=g\",\"caption\":\"Paula Vargas\"},\"url\":\"https:\/\/espacioconvalor.com\/site\/author\/pvargas\/\"}]}<\/script>\n<!-- \/ Yoast SEO plugin. -->","yoast_head_json":{"title":"Visualiza tu Jubilaci\u00f3n - Espacio Con Valor","description":"Prepararse para el retiro comienza por visualizar la meta. Describe en detalle tu vida durante el retiro, s\u00e9 concreto.","robots":{"index":"index","follow":"follow","max-snippet":"max-snippet:-1","max-image-preview":"max-image-preview:large","max-video-preview":"max-video-preview:-1"},"canonical":"https:\/\/espacioconvalor.com\/site\/2015\/07\/22\/visualiza-tu-jubilacion\/","og_locale":"es_ES","og_type":"article","og_title":"Visualiza tu Jubilaci\u00f3n - Espacio Con Valor","og_description":"Prepararse para el retiro comienza por visualizar la meta. Describe en detalle tu vida durante el retiro, s\u00e9 concreto.","og_url":"https:\/\/espacioconvalor.com\/site\/2015\/07\/22\/visualiza-tu-jubilacion\/","og_site_name":"Espacio Con Valor","article_published_time":"2015-07-23T01:35:48+00:00","article_modified_time":"2021-11-29T01:37:30+00:00","og_image":[{"width":1242,"height":669,"url":"https:\/\/espacioconvalor.com\/site\/wp-content\/uploads\/2021\/11\/visualiza.jpg","type":"image\/jpeg"}],"author":"Paula Vargas","twitter_card":"summary_large_image","twitter_misc":{"Escrito por":"Paula Vargas","Tiempo de lectura":"2 minutos"},"schema":{"@context":"https:\/\/schema.org","@graph":[{"@type":"Article","@id":"https:\/\/espacioconvalor.com\/site\/2015\/07\/22\/visualiza-tu-jubilacion\/#article","isPartOf":{"@id":"https:\/\/espacioconvalor.com\/site\/2015\/07\/22\/visualiza-tu-jubilacion\/"},"author":{"name":"Paula Vargas","@id":"https:\/\/espacioconvalor.com\/site\/#\/schema\/person\/357b74e43ef38cea945c4d40135adb7d"},"headline":"Visualiza tu Jubilaci\u00f3n","datePublished":"2015-07-23T01:35:48+00:00","dateModified":"2021-11-29T01:37:30+00:00","mainEntityOfPage":{"@id":"https:\/\/espacioconvalor.com\/site\/2015\/07\/22\/visualiza-tu-jubilacion\/"},"wordCount":395,"commentCount":0,"image":{"@id":"https:\/\/espacioconvalor.com\/site\/2015\/07\/22\/visualiza-tu-jubilacion\/#primaryimage"},"thumbnailUrl":"https:\/\/espacioconvalor.com\/site\/wp-content\/uploads\/2021\/11\/visualiza.jpg","keywords":["herramientas","jubilaci\u00f3n","planificaci\u00f3n","retiro","vida"],"articleSection":["Jubilaci\u00f3n \/ Retiro"],"inLanguage":"es","potentialAction":[{"@type":"CommentAction","name":"Comment","target":["https:\/\/espacioconvalor.com\/site\/2015\/07\/22\/visualiza-tu-jubilacion\/#respond"]}]},{"@type":"WebPage","@id":"https:\/\/espacioconvalor.com\/site\/2015\/07\/22\/visualiza-tu-jubilacion\/","url":"https:\/\/espacioconvalor.com\/site\/2015\/07\/22\/visualiza-tu-jubilacion\/","name":"Visualiza tu Jubilaci\u00f3n - Espacio Con Valor","isPartOf":{"@id":"https:\/\/espacioconvalor.com\/site\/#website"},"primaryImageOfPage":{"@id":"https:\/\/espacioconvalor.com\/site\/2015\/07\/22\/visualiza-tu-jubilacion\/#primaryimage"},"image":{"@id":"https:\/\/espacioconvalor.com\/site\/2015\/07\/22\/visualiza-tu-jubilacion\/#primaryimage"},"thumbnailUrl":"https:\/\/espacioconvalor.com\/site\/wp-content\/uploads\/2021\/11\/visualiza.jpg","datePublished":"2015-07-23T01:35:48+00:00","dateModified":"2021-11-29T01:37:30+00:00","author":{"@id":"https:\/\/espacioconvalor.com\/site\/#\/schema\/person\/357b74e43ef38cea945c4d40135adb7d"},"description":"Prepararse para el retiro comienza por visualizar la meta. Describe en detalle tu vida durante el retiro, s\u00e9 concreto.","inLanguage":"es","potentialAction":[{"@type":"ReadAction","target":["https:\/\/espacioconvalor.com\/site\/2015\/07\/22\/visualiza-tu-jubilacion\/"]}]},{"@type":"ImageObject","inLanguage":"es","@id":"https:\/\/espacioconvalor.com\/site\/2015\/07\/22\/visualiza-tu-jubilacion\/#primaryimage","url":"https:\/\/espacioconvalor.com\/site\/wp-content\/uploads\/2021\/11\/visualiza.jpg","contentUrl":"https:\/\/espacioconvalor.com\/site\/wp-content\/uploads\/2021\/11\/visualiza.jpg","width":1242,"height":669,"caption":"visualiza"},{"@type":"WebSite","@id":"https:\/\/espacioconvalor.com\/site\/#website","url":"https:\/\/espacioconvalor.com\/site\/","name":"Espacio Con Valor","description":"Finanzas f\u00e1ciles para tu bienestar","potentialAction":[{"@type":"SearchAction","target":{"@type":"EntryPoint","urlTemplate":"https:\/\/espacioconvalor.com\/site\/?s={search_term_string}"},"query-input":{"@type":"PropertyValueSpecification","valueRequired":true,"valueName":"search_term_string"}}],"inLanguage":"es"},{"@type":"Person","@id":"https:\/\/espacioconvalor.com\/site\/#\/schema\/person\/357b74e43ef38cea945c4d40135adb7d","name":"Paula Vargas","image":{"@type":"ImageObject","inLanguage":"es","@id":"https:\/\/espacioconvalor.com\/site\/#\/schema\/person\/image\/","url":"https:\/\/secure.gravatar.com\/avatar\/7ff513bc5b6f9ed720bf076705090859e810f6061f87c6702f156543ffedef29?s=96&d=mm&r=g","contentUrl":"https:\/\/secure.gravatar.com\/avatar\/7ff513bc5b6f9ed720bf076705090859e810f6061f87c6702f156543ffedef29?s=96&d=mm&r=g","caption":"Paula Vargas"},"url":"https:\/\/espacioconvalor.com\/site\/author\/pvargas\/"}]}},"_links":{"self":[{"href":"https:\/\/espacioconvalor.com\/site\/wp-json\/wp\/v2\/posts\/344","targetHints":{"allow":["GET"]}}],"collection":[{"href":"https:\/\/espacioconvalor.com\/site\/wp-json\/wp\/v2\/posts"}],"about":[{"href":"https:\/\/espacioconvalor.com\/site\/wp-json\/wp\/v2\/types\/post"}],"author":[{"embeddable":true,"href":"https:\/\/espacioconvalor.com\/site\/wp-json\/wp\/v2\/users\/2"}],"replies":[{"embeddable":true,"href":"https:\/\/espacioconvalor.com\/site\/wp-json\/wp\/v2\/comments?post=344"}],"version-history":[{"count":3,"href":"https:\/\/espacioconvalor.com\/site\/wp-json\/wp\/v2\/posts\/344\/revisions"}],"predecessor-version":[{"id":434,"href":"https:\/\/espacioconvalor.com\/site\/wp-json\/wp\/v2\/posts\/344\/revisions\/434"}],"wp:featuredmedia":[{"embeddable":true,"href":"https:\/\/espacioconvalor.com\/site\/wp-json\/wp\/v2\/media\/433"}],"wp:attachment":[{"href":"https:\/\/espacioconvalor.com\/site\/wp-json\/wp\/v2\/media?parent=344"}],"wp:term":[{"taxonomy":"category","embeddable":true,"href":"https:\/\/espacioconvalor.com\/site\/wp-json\/wp\/v2\/categories?post=344"},{"taxonomy":"post_tag","embeddable":true,"href":"https:\/\/espacioconvalor.com\/site\/wp-json\/wp\/v2\/tags?post=344"}],"curies":[{"name":"wp","href":"https:\/\/api.w.org\/{rel}","templated":true}]}}